{"id":7475,"date":"2026-04-24T20:44:18","date_gmt":"2026-04-25T02:44:18","guid":{"rendered":"https:\/\/perfilanalitico.org\/?p=7475"},"modified":"2026-04-24T20:44:18","modified_gmt":"2026-04-25T02:44:18","slug":"inversion-millonaria-en-nueva-york-enfrenta-graves-riesgos-alerta-fondo-de-alto-perfil","status":"publish","type":"post","link":"https:\/\/perfilanalitico.org\/?p=7475","title":{"rendered":"Inversi\u00f3n millonaria en Nueva York enfrenta graves riesgos: alerta fondo de alto perfil"},"content":{"rendered":"<p>El debate sobre c\u00f3mo gravar a los m\u00e1s ricos de Nueva York ha cobrado nueva intensidad, esta vez con un tono m\u00e1s personal. En el centro de la pol\u00e9mica est\u00e1 Ken Griffin, el magnate fundador del gigante financiero Citadel, cuya fortuna supera los 50 mil millones de d\u00f3lares. Su nombre ha resonado en los \u00faltimos d\u00edas no solo por su influencia en los mercados, sino por convertirse en el blanco de una propuesta fiscal que busca recaudar cientos de millones para la ciudad.<\/p>\n<p>La iniciativa, impulsada por el alcalde de Nueva York y respaldada por la gobernadora Kathy Hochul, busca imponer un impuesto adicional a los ultrarricos que, aunque poseen propiedades en la ciudad, no residen en ella de manera permanente. Seg\u00fan sus promotores, la medida podr\u00eda generar hasta 500 millones de d\u00f3lares anuales, recursos que se destinar\u00edan a programas sociales y servicios p\u00fablicos. &#8220;Cuando me postul\u00e9 para alcalde, dije que iba a gravar a los ricos. Bueno, hoy estamos gravando a los ricos&#8221;, declar\u00f3 el alcalde en un video publicado en redes sociales el pasado 15 de abril, coincidiendo con el D\u00eda de Impuestos en Estados Unidos.<\/p>\n<p>El mensaje, grabado frente al lujoso penthouse de Griffin en el exclusivo rascacielos 220 Central Park South \u2014conocido como la &#8220;calle de los multimillonarios&#8221;\u2014, no dej\u00f3 lugar a dudas: el multimillonario fue se\u00f1alado directamente. Aunque Griffin reside en Miami, su departamento en Manhattan, adquirido en 2019 por la cifra r\u00e9cord de 238 millones de d\u00f3lares, sigue siendo el m\u00e1s caro jam\u00e1s vendido en Estados Unidos. El gesto del alcalde no pas\u00f3 desapercibido: incluso el expresidente Donald Trump, conocido por sus inversiones inmobiliarias en la ciudad, critic\u00f3 la medida.<\/p>\n<p>Desde Citadel, sin embargo, se defiende el aporte econ\u00f3mico de la firma y su fundador. En un correo interno dirigido a los empleados, un ejecutivo de la compa\u00f1\u00eda destac\u00f3 que, en los \u00faltimos cinco a\u00f1os, la empresa ha pagado 2,300 millones de d\u00f3lares en impuestos en Nueva York. Adem\u00e1s, Griffin ha donado 650 millones a organizaciones ben\u00e9ficas del estado. &#8220;Incluso si fu\u00e9ramos un objetivo pol\u00edtico, seguiremos ayudando a que la ciudad prospere durante d\u00e9cadas&#8221;, asegur\u00f3 el mensaje, subrayando que Citadel emplea a m\u00e1s de 2,500 personas en la ciudad.<\/p>\n<p>El impuesto propuesto busca cerrar una brecha fiscal que, seg\u00fan sus defensores, beneficia a quienes acumulan riqueza en Nueva York sin contribuir proporcionalmente a su sostenimiento. &#8220;Apuntamos a los m\u00e1s ricos de los ricos: aquellos que almacenan su fortuna aqu\u00ed, pero no viven realmente en la ciudad&#8221;, explic\u00f3 el alcalde. La medida ha generado reacciones encontradas: mientras algunos la ven como un paso necesario para reducir la desigualdad, otros advierten que podr\u00eda ahuyentar inversiones.<\/p>\n<p>Por ahora, ni la oficina del alcalde ni la de la gobernadora han ofrecido detalles adicionales sobre c\u00f3mo se implementar\u00eda el gravamen o qu\u00e9 criterios se usar\u00edan para definir a los contribuyentes afectados. Lo cierto es que, m\u00e1s all\u00e1 de los n\u00fameros, el debate refleja una tensi\u00f3n creciente entre el poder econ\u00f3mico y las demandas de una ciudad que, pese a su opulencia, enfrenta desaf\u00edos como la crisis de vivienda y la desigualdad social.<\/p>\n<p>Griffin, por su parte, no ha respondido p\u00fablicamente a las declaraciones del alcalde, pero su caso ilustra el dilema: \u00bfhasta qu\u00e9 punto debe gravarse a quienes, aunque no vivan en Nueva York, extraen valor de su infraestructura y su mercado? La respuesta podr\u00eda marcar un precedente en c\u00f3mo las grandes urbes gestionan su relaci\u00f3n con la \u00e9lite financiera global.<\/p>\n","protected":false},"excerpt":{"rendered":"<p>El debate sobre c\u00f3mo gravar a los m\u00e1s ricos de Nueva York ha cobrado nueva intensidad, esta vez con un tono m\u00e1s personal. En el centro de la pol\u00e9mica est\u00e1 Ken Griffin, el magnate fundador del gigante financiero Citadel, cuya fortuna supera los 50 mil millones de d\u00f3lares. Su nombre ha resonado en los \u00faltimos [&hellip;]<\/p>\n","protected":false},"author":1,"featured_media":7478,"comment_status":"open","ping_status":"open","sticky":false,"template":"","format":"standard","meta":{"footnotes":""},"categories":[17],"tags":[],"class_list":["post-7475","post","type-post","status-publish","format-standard","has-post-thumbnail","hentry","category-mundo"],"_links":{"self":[{"href":"https:\/\/perfilanalitico.org\/index.php?rest_route=\/wp\/v2\/posts\/7475","targetHints":{"allow":["GET"]}}],"collection":[{"href":"https:\/\/perfilanalitico.org\/index.php?rest_route=\/wp\/v2\/posts"}],"about":[{"href":"https:\/\/perfilanalitico.org\/index.php?rest_route=\/wp\/v2\/types\/post"}],"author":[{"embeddable":true,"href":"https:\/\/perfilanalitico.org\/index.php?rest_route=\/wp\/v2\/users\/1"}],"replies":[{"embeddable":true,"href":"https:\/\/perfilanalitico.org\/index.php?rest_route=%2Fwp%2Fv2%2Fcomments&post=7475"}],"version-history":[{"count":0,"href":"https:\/\/perfilanalitico.org\/index.php?rest_route=\/wp\/v2\/posts\/7475\/revisions"}],"wp:featuredmedia":[{"embeddable":true,"href":"https:\/\/perfilanalitico.org\/index.php?rest_route=\/wp\/v2\/media\/7478"}],"wp:attachment":[{"href":"https:\/\/perfilanalitico.org\/index.php?rest_route=%2Fwp%2Fv2%2Fmedia&parent=7475"}],"wp:term":[{"taxonomy":"category","embeddable":true,"href":"https:\/\/perfilanalitico.org\/index.php?rest_route=%2Fwp%2Fv2%2Fcategories&post=7475"},{"taxonomy":"post_tag","embeddable":true,"href":"https:\/\/perfilanalitico.org\/index.php?rest_route=%2Fwp%2Fv2%2Ftags&post=7475"}],"curies":[{"name":"wp","href":"https:\/\/api.w.org\/{rel}","templated":true}]}}